{"id":129680,"date":"2026-09-04T10:50:46","date_gmt":"2026-09-04T09:50:46","guid":{"rendered":"https:\/\/marchespettacolo.com\/?p=129680"},"modified":"2026-09-04T10:51:08","modified_gmt":"2026-09-04T09:51:08","slug":"amat-dalle-marche-alla-rete-culturale-europea","status":"publish","type":"post","link":"https:\/\/marchespettacolo.com\/en\/posts\/amat-dalle-marche-alla-rete-culturale-europea\/","title":{"rendered":"AMAT, DALLE MARCHE ALLA RETE CULTURALE EUROPEA"},"content":{"rendered":"<p class=\"m_1885431735729297020MsoNoSpacing\"><b>DAL 23 SETTEMBRE A MISKOLC IN UNGHERIA &#8211; <u><\/u><u><\/u><\/b><b>IL FUTURO DELLE ARTI PERFORMATIVE NELLE AREE RURALI<u><\/u><u><\/u><\/b><\/p>\n<p class=\"m_1885431735729297020MsoNoSpacing\">Dalle Marche all\u2019Europa per costruire nuove opportunit\u00e0 culturali nei territori rurali e periferici. \u00c8 il percorso di AMAT Associazione Marchigiana Attivit\u00e0 Teatrali presieduta di Piero Celani e diretta da Gilberto Santini, partner per l\u2019Italia e capofila del progetto europeo <i>SPARSE Plus \u2013 Supporting and Promoting Arts in Rural Settlements of Europe Plus<\/i> cofinanziato dal programma Europa Creativa dell\u2019Unione Europea, che dal 23 al 27 settembre porter\u00e0 a Miskolc, in Ungheria, oltre 100 artisti, ricercatori, operatori culturali e decisori politici provenienti da dieci Paesi europei. La SPARSE Plus Celebrating Conference \u2013 Lights on Rural Touring, ospitata da Pro Progressione, rappresenta l\u2019appuntamento conclusivo di quattro anni di cooperazione internazionale dedicati a una questione sempre pi\u00f9 centrale nelle politiche culturali europee: come garantire l\u2019accesso alle arti performative di qualit\u00e0 anche alle comunit\u00e0 lontane dai grandi centri urbani.<u><\/u><u><\/u><\/p>\n<p class=\"m_1885431735729297020MsoNoSpacing\"><u><\/u> <u><\/u>Per AMAT, il progetto costituisce una nuova conferma dell\u2019impegno dell\u2019Associazione nella dimensione internazionale e della capacit\u00e0 di mettere in relazione l\u2019esperienza maturata nelle Marche con una rete europea di organizzazioni, artisti e professionisti della cultura. <i>SPARSE Plus <\/i>ha dimostrato che la cooperazione internazionale pu\u00f2 rendere accessibili arti performative di alta qualit\u00e0 ben oltre le citt\u00e0. Le partnership e le conoscenze costruite in questi quattro anni rappresentano una solida base per continuare a rafforzare la vita culturale delle comunit\u00e0 rurali di tutta Europa.<u><\/u><u><\/u><\/p>\n<p class=\"m_1885431735729297020MsoNoSpacing\"><u><\/u> <u><\/u>Alla conferenza parteciperanno rappresentanti di oltre 15 organizzazioni provenienti da Ungheria, Italia, Polonia, Lituania, Estonia, Repubblica Ceca, Slovacchia, Germania, Portogallo e Regno Unito. Il confronto si concentrer\u00e0 sui risultati ottenuti dal progetto nei campi della circuitazione internazionale, del mentoring per artisti, dell\u2019audience development, della ricerca e della costruzione di reti di collaborazione.<u><\/u><u><\/u><\/p>\n<p class=\"m_1885431735729297020MsoNoSpacing\"><u><\/u> <u><\/u>A Miskolc sar\u00e0 presentata anche la nuova ricerca <i>Finanziamento pubblico alle arti performative nelle aree rurali europee (Public Funding for the Performing Arts in European Rural Areas)<\/i>, realizzata da Chloe Sustainability nell\u2019ambito di SPARSE Plus. Lo studio evidenzia un persistente squilibrio nella distribuzione delle risorse pubbliche destinate alla cultura: le aree prevalentemente urbane continuano a ricevere la quota maggiore dei finanziamenti, mentre i territori rurali rimangono sistematicamente sottorappresentati. Il fenomeno riguarda anche le diverse discipline artistiche. La musica presenta generalmente una maggiore presenza e un sostegno economico pi\u00f9 diffuso, mentre teatro e danza risultano particolarmente penalizzati nelle aree rurali. Secondo la ricerca, il problema non riguarda soltanto l\u2019accesso formale ai bandi. A pesare sono soprattutto i costi concreti della mobilit\u00e0, del coordinamento e dell\u2019organizzazione delle attivit\u00e0, che rendono pi\u00f9 difficile per le realt\u00e0 che operano nelle aree rurali accedere alle stesse opportunit\u00e0 disponibili nei grandi centri. La ricerca indica quindi nella costruzione di reti di circuitazione rurale e in sistemi di finanziamento capaci di riconoscere i costi effettivi della mobilit\u00e0 e dell\u2019accoglienza alcune delle possibili risposte al divario territoriale.<u><\/u><u><\/u><\/p>\n<p class=\"m_1885431735729297020MsoNoSpacing\"><u><\/u> <u><\/u>Il momento centrale della conferenza sar\u00e0 il 24 settembre all\u2019Universit\u00e0 di Miskolc, con interventi di esperti, tavole rotonde e casi studio dedicati al ruolo della cultura nel rafforzamento delle comunit\u00e0 locali e nello sviluppo sostenibile dei territori. Il 25 settembre i partecipanti visiteranno i villaggi di B\u00f3dvalenke e Szendr\u0151l\u00e1d, nella contea di Borsod-Aba\u00faj-Zempl\u00e9n, incontrando artisti, organizzatori, promotori culturali e cittadini e conoscendo esperienze nate direttamente insieme alle comunit\u00e0 locali.<\/p>","protected":false},"excerpt":{"rendered":"<p>DAL 23 SETTEMBRE A MISKOLC IN UNGHERIA &#8211; IL FUTURO DELLE ARTI PERFORMATIVE NELLE AREE RURALI Dalle Marche all\u2019Europa per costruire nuove opportunit\u00e0 culturali nei territori rurali e periferici. \u00c8 [&hellip;]<\/p>","protected":false},"author":3,"featured_media":129681,"comment_status":"open","ping_status":"open","sticky":false,"template":"","format":"standard","meta":{"_acf_changed":false,"inline_featured_image":false,"footnotes":""},"categories":[15],"tags":[],"class_list":["post-129680","post","type-post","status-publish","format-standard","has-post-thumbnail","hentry","category-posts"],"acf":[],"aioseo_notices":[],"_links":{"self":[{"href":"https:\/\/marchespettacolo.com\/en\/wp-json\/wp\/v2\/posts\/129680","targetHints":{"allow":["GET"]}}],"collection":[{"href":"https:\/\/marchespettacolo.com\/en\/wp-json\/wp\/v2\/posts"}],"about":[{"href":"https:\/\/marchespettacolo.com\/en\/wp-json\/wp\/v2\/types\/post"}],"author":[{"embeddable":true,"href":"https:\/\/marchespettacolo.com\/en\/wp-json\/wp\/v2\/users\/3"}],"replies":[{"embeddable":true,"href":"https:\/\/marchespettacolo.com\/en\/wp-json\/wp\/v2\/comments?post=129680"}],"version-history":[{"count":1,"href":"https:\/\/marchespettacolo.com\/en\/wp-json\/wp\/v2\/posts\/129680\/revisions"}],"predecessor-version":[{"id":129682,"href":"https:\/\/marchespettacolo.com\/en\/wp-json\/wp\/v2\/posts\/129680\/revisions\/129682"}],"wp:featuredmedia":[{"embeddable":true,"href":"https:\/\/marchespettacolo.com\/en\/wp-json\/wp\/v2\/media\/129681"}],"wp:attachment":[{"href":"https:\/\/marchespettacolo.com\/en\/wp-json\/wp\/v2\/media?parent=129680"}],"wp:term":[{"taxonomy":"category","embeddable":true,"href":"https:\/\/marchespettacolo.com\/en\/wp-json\/wp\/v2\/categories?post=129680"},{"taxonomy":"post_tag","embeddable":true,"href":"https:\/\/marchespettacolo.com\/en\/wp-json\/wp\/v2\/tags?post=129680"}],"curies":[{"name":"wp","href":"https:\/\/api.w.org\/{rel}","templated":true}]}}