{"id":129583,"date":"2026-09-02T08:31:56","date_gmt":"2026-09-02T07:31:56","guid":{"rendered":"https:\/\/marchespettacolo.com\/?p=129583"},"modified":"2026-09-02T08:32:19","modified_gmt":"2026-09-02T07:32:19","slug":"hangartfest-2026-nuovi-sguardi-sul-corpo-e-sul-presente","status":"publish","type":"post","link":"https:\/\/marchespettacolo.com\/en\/posts\/hangartfest-2026-nuovi-sguardi-sul-corpo-e-sul-presente\/","title":{"rendered":"HANGARTFEST 2026, NUOVI SGUARDI SUL CORPO E SUL PRESENTE"},"content":{"rendered":"<p><b>Comincia venerd\u00ec la XXIII edizione di Hangarfest!<\/b><\/p>\n<p><b>Saranno 26 gli appuntamenti di danza contemporanea con artisti italiani e internazionali, nuove generazioni e progetti che attraversano linguaggi artistici diversi, in dialogo con il territorio<\/b><\/p>\n<p><b>Dal 4 al 20 settembre<\/b><span style=\"font-weight: 400;\"> torna a Pesaro Hangartfest, festival di danza contemporanea sostenuto dal Ministero della Cultura, dalla Regione Marche e dal Comune di Pesaro. La <\/span><b>XXIII edizione<\/b><span style=\"font-weight: 400;\"> si sviluppa nell\u2019arco di due settimane e tre weekend, con <\/span><b>26 appuntamenti<\/b><span style=\"font-weight: 400;\">, tra debutti e prime nazionali, coproduzioni, progetti site-specific e percorsi dedicati alle nuove generazioni.<\/span><\/p>\n<p><span style=\"font-weight: 400;\">Un festival diffuso, che dalla <\/span><b>Maddalena Centro Arti Performative<\/b><span style=\"font-weight: 400;\"> porta la danza in altri luoghi della citt\u00e0, da <\/span><b>Palazzo Gradari<\/b><span style=\"font-weight: 400;\"> alla <\/span><b>Galleria Roma<\/b><span style=\"font-weight: 400;\">, a <\/span><b>Villa Imperiale<\/b><span style=\"font-weight: 400;\"> and <\/span><b>Spazio Torrso<\/b><span style=\"font-weight: 400;\">, fino all\u2019entroterra grazie alla rinnovata collaborazione con <\/span><b>Fe.M \u2013 Festival di Microarchitettura<\/b><span style=\"font-weight: 400;\">.<\/span><span style=\"font-weight: 400;\"><br \/><\/span><span style=\"font-weight: 400;\">Il programma mette in dialogo artisti affermati della scena italiana e internazionale con artisti emergenti, intrecciando danza, musica dal vivo, video, teatro e arti visive.<\/span><span style=\"font-weight: 400;\"><br \/><\/span><span style=\"font-weight: 400;\"><br \/><\/span><span style=\"font-weight: 400;\">\u00ab<\/span><i><span style=\"font-weight: 400;\">Ogni volta che penso a un nuovo programma<\/span><\/i><span style=\"font-weight: 400;\">\u2013 spiega il Direttore artistico <\/span><b>Antonio Cioffi<\/b><span style=\"font-weight: 400;\"> &#8211; <\/span><i><span style=\"font-weight: 400;\">mi chiedo prima di tutto, che cosa vogliamo guardare insieme. Il compito di un festival \u00e8 creare le condizioni perch\u00e9 qualcosa possa accadere nello sguardo di chi partecipa, perch\u00e9 nuovi immaginari possano emergere. L\u2019arte pu\u00f2 non darci necessariamente delle risposte, ma allargare il nostro modo di guardare. Gli artisti, e in particolare le nuove generazioni, non sono solo interpreti del presente, ma visionari capaci di immaginare nuovi mondi possibili<\/span><\/i><span style=\"font-weight: 400;\">\u00bb, <\/span><\/p>\n<p><span style=\"font-weight: 400;\">Il Festival prende il via venerd\u00ec 4 settembre portando subito la danza fuori dallo spazio scenico. Con <\/span><b>FAKE \u2013 incursioni metropolitane<\/b><span style=\"font-weight: 400;\">, progetto di <\/span><b>Marisa Ragazzo<\/b><span style=\"font-weight: 400;\"> per i <\/span><b>DaCru<\/b><span style=\"font-weight: 400;\">, quattro performer attraversano il centro storico interrogando attraverso il movimento il confine tra ci\u00f2 che viene percepito e ci\u00f2 che la mente costruisce. Due gli appuntamenti, alle 18.30 da Palazzo Gradari e alle 19.30 dalla Galleria Roma. <\/span><span style=\"font-weight: 400;\"><br \/><\/span><span style=\"font-weight: 400;\">Alle 21.30 alla Maddalena torna <\/span><b>Silvia Gribaudi<\/b><span style=\"font-weight: 400;\">, dopo il clamoroso successo dello scorso anno, questa volta con <\/span><b>GRACES<\/b><span style=\"font-weight: 400;\">. Ispirato alle <\/span><i><span style=\"font-weight: 400;\">Tre Grazie<\/span><\/i><span style=\"font-weight: 400;\"> di Canova, lo spettacolo gioca con ironia sull\u2019idea di bellezza, sul maschile e sul femminile e sugli stereotipi legati al corpo, trasformando imperfezioni e fragilit\u00e0 in materia scenica. <\/span><\/p>\n<p><span style=\"font-weight: 400;\">Il primo weekend prosegue sabato 5 settembre, sempre alla Maddalena e alle 21.30, con il debutto di <\/span><b>MM<\/b><span style=\"font-weight: 400;\">, performance audiovisiva e coreografica nata dalla collaborazione tra il <\/span><b>Collettivo<\/b> <b>Mimesi<\/b><span style=\"font-weight: 400;\"> e la coreografa e videomaker <\/span><b>Giulia Roversi<\/b><span style=\"font-weight: 400;\">. Il corpo, osservato come organismo in continua metamorfosi, dialoga con le musiche di <\/span><b>Filippo Angeloni<\/b><span style=\"font-weight: 400;\">, le immagini di <\/span><b>Filippo Gualazzi<\/b><span style=\"font-weight: 400;\"> e l\u2019elettronica di <\/span><b>Matteo Tomasetti<\/b><span style=\"font-weight: 400;\">, tutto dal vivo e in tempo reale. <\/span><\/p>\n<p><span style=\"font-weight: 400;\">Domenica 6 settembre il Festival d\u00e0 spazio alle nuove generazioni. Alle 17.30 le studentesse del <\/span><b>Liceo Coreutico Marconi<\/b><span style=\"font-weight: 400;\"> di Pesaro, dirette da <\/span><b>Giulia Roversi<\/b><span style=\"font-weight: 400;\">, presentano <\/span><b>REM26 Home | Inhabiting \/ Co-living<\/b><span style=\"font-weight: 400;\">. A seguire, con un doppio appuntamento alle 19.30 e alle 21.30, <\/span><b>Young Up!<\/b><span style=\"font-weight: 400;\"> porta in scena una selezione di otto proposte che coinvolgono diciannove giovani autori e interpreti under 26. <\/span><\/p>\n<p><span style=\"font-weight: 400;\">Proseguono i percorsi di residenza e coproduzione di Hangartfest con due nuovi debutti alla Maddalena. Marted\u00ec 8 settembre alle 21.30 <\/span><b>ATTEONE, IL BOSCO<\/b><span style=\"font-weight: 400;\"> di <\/span><b>Michele Ifigenia Colturi<\/b><span style=\"font-weight: 400;\"> porta avanti il progetto triennale ispirato al mito di Atteone e alla sua metamorfosi da uomo a cervo. Il giorno successivo, alla stessa ora, <\/span><b>FUORICAMPO<\/b><span style=\"font-weight: 400;\"> della coreografa pesarese <\/span><b>Lucia Mauri<\/b><span style=\"font-weight: 400;\"> riflette su ci\u00f2 che rimane oltre l\u2019immagine visibile e sulla capacit\u00e0 dello sguardo di trasformare la realt\u00e0.<\/span><\/p>\n<p><span style=\"font-weight: 400;\">Il tema dell\u2019identit\u00e0 attraversa anche <\/span><b>ABOUT:BLANK<\/b><span style=\"font-weight: 400;\"> di <\/span><b>Manuela V. Colacicco<\/b><span style=\"font-weight: 400;\">, che debutta alla Maddalena gioved\u00ec 10 settembre alle 21.30: il corpo si confronta con la propria proiezione e con la costruzione narrativa del s\u00e9, tra autenticit\u00e0 e artificio.<\/span><span style=\"font-weight: 400;\"><br \/><\/span><span style=\"font-weight: 400;\">Danza e musica dal vivo si incontrano ancora in <\/span><b>STRINGS<\/b><span style=\"font-weight: 400;\"> di <\/span><b>Ilenia Romano<\/b><span style=\"font-weight: 400;\">, in programma venerd\u00ec 11 settembre alle 21.30, dove il corpo dialoga con il contrabbasso di <\/span><b>Giacomo Piermatti<\/b><span style=\"font-weight: 400;\"> sulle composizioni del compianto <\/span><b>Stefano Scodanibbio<\/b><span style=\"font-weight: 400;\">, dando vita a una partitura fisica e sonora.<\/span><\/p>\n<p><span style=\"font-weight: 400;\">Sabato 12 settembre alle 17.30 arriva alla Maddalena la prima nazionale di <\/span><b>MA JOJO, NOUS SOMMES<\/b><span style=\"font-weight: 400;\"> di <\/span><b>Cecilia Iovino<\/b><span style=\"font-weight: 400;\">, artista italiana attiva in Francia con la <\/span><b>Cie Pens\u00e9e en mouvement<\/b><span style=\"font-weight: 400;\">. Tra danza e conferenza-performance, il lavoro affronta i temi della prostituzione, della memoria e della maternit\u00e0. <\/span><span style=\"font-weight: 400;\"><br \/><\/span><span style=\"font-weight: 400;\">Nello stesso weekend Hangartfest porta per il quarto anno la danza contemporanea a <\/span><b>Villa Imperiale<\/b><span style=\"font-weight: 400;\"> con <\/span><b>GOLDROOM<\/b><span style=\"font-weight: 400;\"> del <\/span><b>Gruppo Nanou<\/b><span style=\"font-weight: 400;\">, in scena sabato 12 e domenica 13 settembre alle 19, 20 e 21. Presentato in collaborazione con AMAT, il lavoro \u00e8 il secondo capitolo di <\/span><i><span style=\"font-weight: 400;\">Overlook Hotel<\/span><\/i><span style=\"font-weight: 400;\">, dopo <\/span><i><span style=\"font-weight: 400;\">redrum<\/span><\/i><span style=\"font-weight: 400;\">, vincitore del Premio Ubu 2024.<\/span><\/p>\n<p><span style=\"font-weight: 400;\">Sempre domenica 13 settembre il Festival raggiunge l\u2019entroterra grazie alla rinnovata collaborazione con <\/span><b>Fe.M \u2013 Festival di Microarchitettura<\/b><span style=\"font-weight: 400;\">, dedicato al dialogo tra architettura effimera e paesaggio. Alle 16.30 a Lunano debutta <\/span><b>NUB\u00ccVAGA<\/b><span style=\"font-weight: 400;\">, performance site-specific di <\/span><b>Aurora Profili<\/b><span style=\"font-weight: 400;\"> ispirata alla microarchitettura <\/span><i><span style=\"font-weight: 400;\">What the Stones Whisper<\/span><\/i><span style=\"font-weight: 400;\">.<\/span><\/p>\n<p><span style=\"font-weight: 400;\">La terza settimana si apre marted\u00ec 15 settembre alle 21.30 alla Maddalena con <\/span><b>SULLA DONNA<\/b><span style=\"font-weight: 400;\"> di <\/span><b>Giuseppe Muscarello<\/b><span style=\"font-weight: 400;\">, dove il corpo femminile passa da oggetto dello sguardo a soggetto dell\u2019azione, in un\u2019affermazione di autonomia e autodeterminazione. <\/span><span style=\"font-weight: 400;\"><br \/><\/span><span style=\"font-weight: 400;\">Il programma prosegue, sempre alla Maddalena e alle 21.30, con due debutti. <\/span><span style=\"font-weight: 400;\"><br \/><\/span><span style=\"font-weight: 400;\">Mercoled\u00ec 16 settembre <\/span><b>\u00c6 MIRROR IMAGE TO THE LOVERS<\/b><span style=\"font-weight: 400;\"> di <\/span><b>Emanuele Rosa<\/b><span style=\"font-weight: 400;\"> indaga il rapporto tra amore e potere, mettendo in discussione ruoli e aspettative sociali legati al maschile e al femminile.<\/span><span style=\"font-weight: 400;\"><br \/><\/span><span style=\"font-weight: 400;\">Gioved\u00ec 17 il Festival ospita in prima nazionale <\/span><b>TRAYECTORIA DEL POLVO VII<\/b><span style=\"font-weight: 400;\"> della coreografa spagnola <\/span><b>A\u00efda Colmenero D\u00edaz<\/b><span style=\"font-weight: 400;\">. In scena, la danzatrice <\/span><b>Nshoma Nkwabi<\/b><span style=\"font-weight: 400;\"> (Tanzania) incontra il violino dal vivo della musicista argentina <\/span><b>Anah\u00ed Acu\u00f1a<\/b><span style=\"font-weight: 400;\">, intrecciando sonorit\u00e0 che riportano al flamenco e a tradizioni africane in un lavoro sul ciclo della vita e sulla trasformazione. La performance replica venerd\u00ec 18 alle 18.30.<\/span><\/p>\n<p><b>Hangartfest entra per la prima volta a Spazio Torrso<\/b><span style=\"font-weight: 400;\"> con <\/span><b>HOME<\/b><span style=\"font-weight: 400;\"> di <\/span><b>Giulia Roversi<\/b><span style=\"font-weight: 400;\">, venerd\u00ec 18 settembre alle 21.30 e sabato 19 alle 18.30. Una performance immersiva tra teatro, danza e cinema dal vivo, in cui il pubblico attraversa quattro stanze seguendo da vicino gli interpreti e l\u2019azione proiettata in tempo reale.<\/span><span style=\"font-weight: 400;\"><br \/><\/span><span style=\"font-weight: 400;\">La serata di sabato 19 settembre prosegue alle 21.30 alla Maddalena con <\/span><b>FLAMINGO<\/b><span style=\"font-weight: 400;\"> di <\/span><b>Matteo Maffesanti<\/b><span style=\"font-weight: 400;\"> con <\/span><b>Elevator Bunker<\/b><span style=\"font-weight: 400;\">. Attraverso azioni ripetute e variazioni, lo spettacolo indaga lo sguardo di fronte a ci\u00f2 che sfugge alle forme attese, facendo emergere differenze, desideri e identit\u00e0 possibili.<\/span><\/p>\n<p><span style=\"font-weight: 400;\">A chiudere la XXIII edizione, domenica 20 settembre alle 21.30, \u00e8 il coreografo ceco <\/span><b>Viktor \u010cernick\u00fd<\/b><span style=\"font-weight: 400;\"> che torna alla Maddalena con la prima nazionale di <\/span><b>PNEU<\/b><span style=\"font-weight: 400;\">. Nella scena quattro performer e decine di pneumatici compongono e scompongono lo spazio tra equilibrio e caos, in un lavoro sull\u2019antifragilit\u00e0 e sulla capacit\u00e0 di trasformare la pressione in nuove possibilit\u00e0.<\/span><\/p>\n<p><span style=\"font-weight: 400;\">Numerosi appuntamenti saranno inoltre accompagnati da talk con gli artisti, rafforzando la prossimit\u00e0 tra scena e pubblico che caratterizza la Maddalena, dove la distanza tra chi guarda e chi agisce sulla scena si accorcia fino quasi a scomparire.<\/span><\/p>\n<p><span style=\"font-weight: 400;\">Biglietti disponibili su Liveticket.it e nei punti vendita autorizzati.<\/span><span style=\"font-weight: 400;\"><br \/><\/span><span style=\"font-weight: 400;\">Botteghino alla Maddalena dal 1\u00b0 all\u201911 settembre, dalle 17.30 alle 19.30, e nei giorni di spettacolo un\u2019ora prima dell\u2019inizio presso la sede dell\u2019evento.<\/span><span style=\"font-weight: 400;\"><br \/><\/span><span style=\"font-weight: 400;\">Programma completo, informazioni sulla Tessera Hangartfest 2026 e sui vantaggi riservati ai soci su <\/span><a href=\"http:\/\/www.hangartfest.it\/\"><span style=\"font-weight: 400;\">www.hangartfest.it<\/span><\/a><span style=\"font-weight: 400;\">.<\/span><span style=\"font-weight: 400;\"><br \/><\/span><span style=\"font-weight: 400;\">Info WhatsApp (solo messaggi): 366 2649566.<\/span><\/p>","protected":false},"excerpt":{"rendered":"<p>Comincia venerd\u00ec la XXIII edizione di Hangarfest! Saranno 26 gli appuntamenti di danza contemporanea con artisti italiani e internazionali, nuove generazioni e progetti che attraversano linguaggi artistici diversi, in dialogo [&hellip;]<\/p>","protected":false},"author":24,"featured_media":129584,"comment_status":"open","ping_status":"open","sticky":false,"template":"","format":"standard","meta":{"_acf_changed":false,"inline_featured_image":false,"footnotes":""},"categories":[15],"tags":[],"class_list":["post-129583","post","type-post","status-publish","format-standard","has-post-thumbnail","hentry","category-posts"],"acf":[],"aioseo_notices":[],"_links":{"self":[{"href":"https:\/\/marchespettacolo.com\/en\/wp-json\/wp\/v2\/posts\/129583","targetHints":{"allow":["GET"]}}],"collection":[{"href":"https:\/\/marchespettacolo.com\/en\/wp-json\/wp\/v2\/posts"}],"about":[{"href":"https:\/\/marchespettacolo.com\/en\/wp-json\/wp\/v2\/types\/post"}],"author":[{"embeddable":true,"href":"https:\/\/marchespettacolo.com\/en\/wp-json\/wp\/v2\/users\/24"}],"replies":[{"embeddable":true,"href":"https:\/\/marchespettacolo.com\/en\/wp-json\/wp\/v2\/comments?post=129583"}],"version-history":[{"count":1,"href":"https:\/\/marchespettacolo.com\/en\/wp-json\/wp\/v2\/posts\/129583\/revisions"}],"predecessor-version":[{"id":129585,"href":"https:\/\/marchespettacolo.com\/en\/wp-json\/wp\/v2\/posts\/129583\/revisions\/129585"}],"wp:featuredmedia":[{"embeddable":true,"href":"https:\/\/marchespettacolo.com\/en\/wp-json\/wp\/v2\/media\/129584"}],"wp:attachment":[{"href":"https:\/\/marchespettacolo.com\/en\/wp-json\/wp\/v2\/media?parent=129583"}],"wp:term":[{"taxonomy":"category","embeddable":true,"href":"https:\/\/marchespettacolo.com\/en\/wp-json\/wp\/v2\/categories?post=129583"},{"taxonomy":"post_tag","embeddable":true,"href":"https:\/\/marchespettacolo.com\/en\/wp-json\/wp\/v2\/tags?post=129583"}],"curies":[{"name":"wp","href":"https:\/\/api.w.org\/{rel}","templated":true}]}}