{"id":126365,"global_id":"marchespettacolo.com\/en?id=126365","global_id_lineage":["marchespettacolo.com\/en?id=126365"],"author":"2","status":"publish","date":"2026-04-28 13:30:47","date_utc":"2026-04-28 12:30:47","modified":"2026-04-29 13:12:15","modified_utc":"2026-04-29 12:12:15","url":"https:\/\/marchespettacolo.com\/en\/events\/diamanda-galas\/","rest_url":"https:\/\/marchespettacolo.com\/en\/wp-json\/tribe\/events\/v1\/events\/126365","title":"DIAMANDA GALAS","description":"<p>Diamanda Gal\u00e1s, tra le figure pi\u00f9 radicali, visionarie e intransigenti della musica contemporanea, torna in Italia per sole tre date, una delle quali far\u00e0 tappa al Teatro La Fenice di Senigallia.<br \/>Questo concerto segue l\u2019uscita di due lavori di grande rilievo: la ristampa rimasterizzata del suo album You Must Be Certain of the Devil (1988) e De-formation: Second Piano Variations, registrazione live della rielaborazione della partitura pianistica di Das Fieberspital (The Fever Hospital).<br \/>Gal\u00e1s ha sviluppato nel corso della sua carriera una ricerca vocale straordinaria, fondata su tecniche estese, multiphonics e un approccio profondamente radicale alla performance.<br \/>Un evento imperdibile per chi vuole confrontarsi con un\u2019artista di eccezionale potenza espressiva e rigore concettuale, unica nel panorama musicale internazionale.<\/p>\n<p>Nata a San Diego, Diamanda Gal\u00e1s si forma tra musica classica e jazz. Ancora giovanissima accompagna il coro gospel del padre, di origine greco-mikrasiatica, e suona nella sua band in stile New Orleans, esibendosi gi\u00e0 a 14 anni come pianista solista con la San Diego Symphony. Negli anni successivi collabora con importanti musicisti della scena new jazz, tra cui Bobby Bradford, David Murray, Butch Morris, Mark Dresser e Stanley Crouch. Nel 1979 realizza la sua prima performance pubblica partecipando a un\u2019opera di Vinko Globokar, in collaborazione con Amnesty International, dedicata alla tortura e all\u2019assassinio di una donna turca accusata di tradimento. Nel 1982 pubblica il suo album di debutto, The Litanies of Satan, che rivela fin da subito il suo approccio radicale alla vocalit\u00e0, tra tecniche estese e sperimentazioni multiphoniche. Nel corso della sua carriera ha affrontato temi estremi e universali come l\u2019AIDS (con opere comeThe Divine Punishment e Saint of the Pit), il genocidio e la malattia mentale, oltre a realizzare composizioni per voce e pianoforte su testi di poeti in esilio.Nel 1994 collabora con John Paul Jones dei Led Zeppelin per l\u2019album The Sporting Life. Il suo lavoro pi\u00f9 recente, Broken Gargoyles (2022),utilizza un\u2019ampia gamma di tecniche vocali e strumentali per esplorare gli effetti del trauma sul sistema nervoso umano, portando Pitchfork a definirla \u201cun\u2019artista che esiste in un universo a s\u00e9\u201d.<\/p>\n<p>SENIGALLIA_TEATRO LA FENICE mercoled\u00ec 30 settembre 2026 ore 21<\/p>\n<hr \/>\n<p><strong>Biglietti:<\/strong><\/p>\n<p>Settore A 40 \u20ac<br \/>Settore B 35 \u20ac<br \/>Settore C 30 \u20ac<\/p>\n<p>in prevendita <a href=\"https:\/\/www.vivaticket.com\/it\/ticket\/diamanda-galas-in-concerto\/300034\">QUI <\/a><\/p>\n<p><strong>INFO<\/strong> AMAT 071 2072439<\/p>\n<p><em>L\u2019acquisto on line comporta un aggravio del costo in favore del gestore del servizio e non consente di accedere alle categorie di riduzione.<\/em><\/p>","excerpt":"<p><P><\/P><\/p>","slug":"diamanda-galas","image":{"url":"https:\/\/media.marchespettacolo.com\/wp-content\/uploads\/2026\/04\/29131205\/DIAMANDA-GALAS.jpg","id":126399,"extension":"jpg","width":567,"height":401,"filesize":98964,"sizes":{"medium":{"width":300,"height":212,"mime-type":"image\/jpeg","filesize":17778,"url":"https:\/\/media.marchespettacolo.com\/wp-content\/uploads\/2026\/04\/29131205\/DIAMANDA-GALAS-300x212.jpg"},"thumbnail":{"width":150,"height":150,"mime-type":"image\/jpeg","filesize":13868,"url":"https:\/\/media.marchespettacolo.com\/wp-content\/uploads\/2026\/04\/29131205\/DIAMANDA-GALAS-150x150.jpg"},"trp-custom-language-flag":{"width":18,"height":12,"mime-type":"image\/jpeg","filesize":10224,"url":"https:\/\/media.marchespettacolo.com\/wp-content\/uploads\/2026\/04\/29131205\/DIAMANDA-GALAS-18x12.jpg"}}},"all_day":false,"start_date":"2026-09-30 21:00:00","start_date_details":{"year":"2026","month":"09","day":"30","hour":"21","minutes":"00","seconds":"00"},"end_date":"2026-09-30 23:59:00","end_date_details":{"year":"2026","month":"09","day":"30","hour":"23","minutes":"59","seconds":"00"},"utc_start_date":"2026-09-30 20:00:00","utc_start_date_details":{"year":"2026","month":"09","day":"30","hour":"20","minutes":"00","seconds":"00"},"utc_end_date":"2026-09-30 22:59:00","utc_end_date_details":{"year":"2026","month":"09","day":"30","hour":"22","minutes":"59","seconds":"00"},"timezone":"UTC+1","timezone_abbr":"UTC+1","cost":"","cost_details":{"currency_symbol":"","currency_code":"","currency_position":"prefix","values":[]},"website":"www.amatmarche.net ","tickets_website":"A partire da \u20ac 30,00","has_18_app":false,"show_map":true,"show_map_link":true,"hide_from_listings":false,"sticky":false,"featured":false,"categories":[{"name":"musica","slug":"musica","term_group":0,"term_taxonomy_id":9,"taxonomy":"tribe_events_cat","description":"","parent":0,"count":5634,"filter":"raw","term_order":"0","id":9,"urls":{"self":"https:\/\/marchespettacolo.com\/en\/wp-json\/tribe\/events\/v1\/categories\/9","collection":"https:\/\/marchespettacolo.com\/en\/wp-json\/tribe\/events\/v1\/categories"}}],"tags":[],"venue":{"id":268,"author":"3","status":"publish","date":"2017-01-06 10:40:44","date_utc":"2017-01-06 09:40:44","modified":"2023-08-30 10:47:25","modified_utc":"2023-08-30 09:47:25","url":"https:\/\/marchespettacolo.com\/en\/venue\/teatro-la-fenice-2\/","venue":"Teatro La Fenice","slug":"teatro-la-fenice-2","address":"Via Cesare Battisti, 30, Senigallia","city":"Senigallia","country":"Italia","province":"Ancona","zip":"60019","stateprovince":"Ancona","json_ld":{"@type":"Place","name":"Teatro La Fenice","description":"","url":"","address":{"@type":"PostalAddress","streetAddress":"Via Cesare Battisti, 30, Senigallia","addressLocality":"Senigallia","addressRegion":"Ancona","postalCode":"60019","addressCountry":"Italia"},"telephone":"","sameAs":""},"show_map":true,"show_map_link":true,"global_id":"marchespettacolo.com\/en?id=268","global_id_lineage":["marchespettacolo.com\/en?id=268"]},"organizer":[{"id":132,"author":"3","status":"publish","date":"2017-01-06 09:32:15","date_utc":"2017-01-06 08:32:15","modified":"2023-01-18 08:32:48","modified_utc":"2023-01-18 07:32:48","url":"https:\/\/marchespettacolo.com\/en\/i-consorziati\/amat\/","organizer":"Amat","slug":"amat","image":{"url":"https:\/\/marchespettacolo.com\/wp-content\/uploads\/images\/members\/586f641e8258d09b95000004_amat.jpg","id":133,"extension":"jpg"},"website":"http:\/\/www.amatmarche.net\/","category":"promotore","json_ld":{"@type":"Person","name":"Amat","description":"","image":"https:\/\/marchespettacolo.com\/wp-content\/uploads\/images\/members\/586f641e8258d09b95000004_amat.jpg","url":"http:\/\/www.amatmarche.net\/","telephone":"","category":"promotore","email":"","sameAs":"http:\/\/www.amatmarche.net\/"},"global_id":"marchespettacolo.com\/en?id=132","global_id_lineage":["marchespettacolo.com\/en?id=132"]}],"json_ld":{"@context":"http:\/\/schema.org","@type":"Event","name":"DIAMANDA GALAS","description":"","image":"https:\/\/media.marchespettacolo.com\/wp-content\/uploads\/2026\/04\/29131205\/DIAMANDA-GALAS.jpg","url":"https:\/\/marchespettacolo.com\/en\/events\/diamanda-galas\/","eventAttendanceMode":"https:\/\/schema.org\/OfflineEventAttendanceMode","startDate":"2026-09-30T21:00:00+01:00","endDate":"2026-09-30T23:59:00+01:00","location":{"@type":"Place","name":"Teatro La Fenice","description":"","url":"","address":{"@type":"PostalAddress","streetAddress":"Via Cesare Battisti, 30, Senigallia","addressLocality":"Senigallia","addressRegion":"Ancona","postalCode":"60019","addressCountry":"Italia"},"telephone":"","sameAs":""},"organizer":{"@type":"Person","name":"Amat","description":"","image":"https:\/\/marchespettacolo.com\/wp-content\/uploads\/images\/members\/586f641e8258d09b95000004_amat.jpg","url":"http:\/\/www.amatmarche.net\/","telephone":"","category":"promotore","email":"","sameAs":"http:\/\/www.amatmarche.net\/"},"performer":"Organization"}}